{"id":257,"date":"2019-11-02T09:22:54","date_gmt":"2019-11-02T09:22:54","guid":{"rendered":"http:\/\/grundschulmusiker.de\/?p=257"},"modified":"2019-11-02T09:22:54","modified_gmt":"2019-11-02T09:22:54","slug":"mein-schoenstes-kompliment","status":"publish","type":"post","link":"https:\/\/grundschulmusiker.de\/?p=257","title":{"rendered":"Mein sch\u00f6nstes Kompliment"},"content":{"rendered":"\n<p>Ja, es l\u00e4uft gerade wieder gut in der Schule. Gestern bekam ich von einer Drittkl\u00e4sslerin ein ganz wunderbares Kompliment: &#8222;Herr Ple\u00df, ich konnte die ganze Nacht nicht schlafen weil ich mich sooo auf diese Stunde gefreut habe&#8220;. Da geht einem doch das Herz auf und auf einmal macht der Job wieder Sinn \ud83d\ude42<\/p>\n","protected":false},"excerpt":{"rendered":"<p>Ja, es l\u00e4uft gerade wieder gut in der Schule. Gestern bekam ich von einer Drittkl\u00e4sslerin ein ganz wunderbares Kompliment: &#8222;Herr Ple\u00df, ich konnte die ganze Nacht nicht schlafen weil ich mich sooo auf diese Stunde gefreut habe&#8220;. Da geht einem doch das Herz auf und auf einmal macht der Job wieder Sinn \ud83d\ude42<\/p>\n","protected":false},"author":1,"featured_media":0,"comment_status":"open","ping_status":"open","sticky":false,"template":"","format":"standard","meta":{"footnotes":""},"categories":[1],"tags":[],"class_list":["post-257","post","type-post","status-publish","format-standard","hentry","category-uncategorized"],"_links":{"self":[{"href":"https:\/\/grundschulmusiker.de\/index.php?rest_route=\/wp\/v2\/posts\/257","targetHints":{"allow":["GET"]}}],"collection":[{"href":"https:\/\/grundschulmusiker.de\/index.php?rest_route=\/wp\/v2\/posts"}],"about":[{"href":"https:\/\/grundschulmusiker.de\/index.php?rest_route=\/wp\/v2\/types\/post"}],"author":[{"embeddable":true,"href":"https:\/\/grundschulmusiker.de\/index.php?rest_route=\/wp\/v2\/users\/1"}],"replies":[{"embeddable":true,"href":"https:\/\/grundschulmusiker.de\/index.php?rest_route=%2Fwp%2Fv2%2Fcomments&post=257"}],"version-history":[{"count":1,"href":"https:\/\/grundschulmusiker.de\/index.php?rest_route=\/wp\/v2\/posts\/257\/revisions"}],"predecessor-version":[{"id":258,"href":"https:\/\/grundschulmusiker.de\/index.php?rest_route=\/wp\/v2\/posts\/257\/revisions\/258"}],"wp:attachment":[{"href":"https:\/\/grundschulmusiker.de\/index.php?rest_route=%2Fwp%2Fv2%2Fmedia&parent=257"}],"wp:term":[{"taxonomy":"category","embeddable":true,"href":"https:\/\/grundschulmusiker.de\/index.php?rest_route=%2Fwp%2Fv2%2Fcategories&post=257"},{"taxonomy":"post_tag","embeddable":true,"href":"https:\/\/grundschulmusiker.de\/index.php?rest_route=%2Fwp%2Fv2%2Ftags&post=257"}],"curies":[{"name":"wp","href":"https:\/\/api.w.org\/{rel}","templated":true}]}}